{"id":30111,"date":"2023-07-07T14:29:25","date_gmt":"2023-07-07T13:29:25","guid":{"rendered":"https:\/\/www.provedor-jus.pt\/?p=30111"},"modified":"2023-07-07T14:29:28","modified_gmt":"2023-07-07T13:29:28","slug":"deputy-ombudsman-at-the-launch-of-the-training-programme-for-2024-of-the-instituto-nacional-de-administracao-ina-and-of-the-ina-alumni-network","status":"publish","type":"post","link":"https:\/\/www.provedor-jus.pt\/en\/deputy-ombudsman-at-the-launch-of-the-training-programme-for-2024-of-the-instituto-nacional-de-administracao-ina-and-of-the-ina-alumni-network\/","title":{"rendered":"Deputy Ombudsman at the launch of the Training Programme for 2024 of the Instituto Nacional de Administra\u00e7\u00e3o (INA) and of the INA Alumni Network"},"content":{"rendered":"<!-- RS_MODULE_CODE_2.5.3 --> <div id=\"readspeaker_button30111\" class=\"rs_skip rs_preserve\"><a class=\"rs_href\" title=\"Ouvir com ReadSpeaker\" href=\"https:\/\/app-eu.readspeaker.com\/cgi-bin\/rsent?customerid=6394&amp;lang=pt_pt&amp;readid=rspeak_read_30111&amp;url=https%3A%2F%2Fwww.provedor-jus.pt%2Fen%2Fwp-json%2Fwp%2Fv2%2Fposts%2F30111\" onclick=\"readpage(this.href, 'xp30111'); return false;\"><img decoding=\"async\" src=\"https:\/\/www.provedor-jus.pt\/wp-content\/plugins\/enterprise_expanding_hl_wordpress-2x\/img\/icon_16px.gif\" alt=\"Ouvir com ReadSpeaker\" style=\"display: inline-block; margin-right: 5px;\"\/>Ouvir<\/a><\/div><div id=\"xp30111\" class=\"rs_addtools rs_splitbutton rs_preserve rs_skip rs_exp\"><\/div><div id=\"rspeak_read_30111\">\n<p><\/p>\n\n\n\n<p>The Deputy Ombudsman, Estrela Chaby, was present at the ceremony to present the Training Programme for 2024 organised by INA and to launch the INA Alumni Network, which took place on 27 June at Pal\u00e1cio Galveias, in Lisbon.<\/p>\n\n\n\n<p>INA proposes to hold about 200 courses for employees in public functions as part of the Training Programme for 2024. The INA Alumni Network aims to bring INA closer to its trainees, mentors and mentees, strengthening the relationship with members of this new community. More information <a href=\"https:\/\/www.ina.pt\/index.php\/agenda\/2794-lancamento-do-programa-de-formacao-2024-do-ina\">here<\/a>.<\/p>\n<\/div>","protected":false},"excerpt":{"rendered":"<p><!-- RS_MODULE_CODE_2.5.3 --> <\/p>\n<div id=\"readspeaker_button30111\" class=\"rs_skip rs_preserve\"><a class=\"rs_href\" title=\"Ouvir com ReadSpeaker\" href=\"https:\/\/app-eu.readspeaker.com\/cgi-bin\/rsent?customerid=6394&amp;lang=pt_pt&amp;readid=rspeak_read_30111&amp;url=https%3A%2F%2Fwww.provedor-jus.pt%2Fen%2Fwp-json%2Fwp%2Fv2%2Fposts%2F30111\" onclick=\"readpage(this.href, 'xp30111'); return false;\"><img decoding=\"async\" src=\"https:\/\/www.provedor-jus.pt\/wp-content\/plugins\/enterprise_expanding_hl_wordpress-2x\/img\/icon_16px.gif\" alt=\"Ouvir com ReadSpeaker\" style=\"display: inline-block; margin-right: 5px;\"\/>Ouvir<\/a><\/div>\n<div id=\"xp30111\" class=\"rs_addtools rs_splitbutton rs_preserve rs_skip rs_exp\"><\/div>\n<div id=\"rspeak_read_30111\"> The Deputy Ombudsman, Estrela Chaby, was present at the ceremony to present the Training Programme for 2024 organised by INA and to launch the INA Alumni Network, which took place on 27 June at Pal\u00e1cio Galveias, in Lisbon. INA proposes to hold about 200 courses for employees in public functions as part of the Training Programme for 2024. The&hellip;<\/div>\n","protected":false},"author":990004,"featured_media":0,"comment_status":"closed","ping_status":"closed","sticky":false,"template":"","format":"standard","meta":{"_acf_changed":false,"footnotes":""},"categories":[120,117,141],"tags":[],"class_list":["post-30111","post","type-post","status-publish","format-standard","hentry","category-national-events","category-news","category-no-homepage"],"acf":[],"yoast_head":"<!-- This site is optimized with the Yoast SEO plugin v25.2 - https:\/\/yoast.com\/wordpress\/plugins\/seo\/ -->\n<title>Deputy Ombudsman at the launch of the Training Programme for 2024 of the Instituto Nacional de Administra\u00e7\u00e3o (INA) and of the INA Alumni Network - Provedoria de Justi\u00e7a<\/title>\n<meta name=\"robots\" content=\"index, follow, max-snippet:-1, max-image-preview:large, max-video-preview:-1\" \/>\n<link rel=\"canonical\" href=\"https:\/\/www.provedor-jus.pt\/en\/deputy-ombudsman-at-the-launch-of-the-training-programme-for-2024-of-the-instituto-nacional-de-administracao-ina-and-of-the-ina-alumni-network\/\" \/>\n<meta property=\"og:locale\" content=\"en_US\" \/>\n<meta property=\"og:type\" content=\"article\" \/>\n<meta property=\"og:title\" content=\"Deputy Ombudsman at the launch of the Training Programme for 2024 of the Instituto Nacional de Administra\u00e7\u00e3o (INA) and of the INA Alumni Network - Provedoria de Justi\u00e7a\" \/>\n<meta property=\"og:description\" content=\"Ouvir The Deputy Ombudsman, Estrela Chaby, was present at the ceremony to present the Training Programme for 2024 organised by INA and to launch the INA Alumni Network, which took place on 27 June at Pal\u00e1cio Galveias, in Lisbon. INA proposes to hold about 200 courses for employees in public functions as part of the Training Programme for 2024. The&hellip;\" \/>\n<meta property=\"og:url\" content=\"https:\/\/www.provedor-jus.pt\/en\/deputy-ombudsman-at-the-launch-of-the-training-programme-for-2024-of-the-instituto-nacional-de-administracao-ina-and-of-the-ina-alumni-network\/\" \/>\n<meta property=\"og:site_name\" content=\"Provedoria de Justi\u00e7a\" \/>\n<meta property=\"article:published_time\" content=\"2023-07-07T13:29:25+00:00\" \/>\n<meta property=\"article:modified_time\" content=\"2023-07-07T13:29:28+00:00\" \/>\n<meta name=\"author\" content=\"Paulo Fonseca\" \/>\n<meta name=\"twitter:card\" content=\"summary_large_image\" \/>\n<meta name=\"twitter:label1\" content=\"Written by\" \/>\n\t<meta name=\"twitter:data1\" content=\"Paulo Fonseca\" \/>\n<script type=\"application\/ld+json\" class=\"yoast-schema-graph\">{\"@context\":\"https:\/\/schema.org\",\"@graph\":[{\"@type\":\"Article\",\"@id\":\"https:\/\/www.provedor-jus.pt\/en\/deputy-ombudsman-at-the-launch-of-the-training-programme-for-2024-of-the-instituto-nacional-de-administracao-ina-and-of-the-ina-alumni-network\/#article\",\"isPartOf\":{\"@id\":\"https:\/\/www.provedor-jus.pt\/en\/deputy-ombudsman-at-the-launch-of-the-training-programme-for-2024-of-the-instituto-nacional-de-administracao-ina-and-of-the-ina-alumni-network\/\"},\"author\":{\"name\":\"Paulo Fonseca\",\"@id\":\"https:\/\/www.provedor-jus.pt\/#\/schema\/person\/a8c8df5b19ced1f183ac313ea8f8a9ea\"},\"headline\":\"Deputy Ombudsman at the launch of the Training Programme for 2024 of the Instituto Nacional de Administra\u00e7\u00e3o (INA) and of the INA Alumni Network\",\"datePublished\":\"2023-07-07T13:29:25+00:00\",\"dateModified\":\"2023-07-07T13:29:28+00:00\",\"mainEntityOfPage\":{\"@id\":\"https:\/\/www.provedor-jus.pt\/en\/deputy-ombudsman-at-the-launch-of-the-training-programme-for-2024-of-the-instituto-nacional-de-administracao-ina-and-of-the-ina-alumni-network\/\"},\"wordCount\":106,\"publisher\":{\"@id\":\"https:\/\/www.provedor-jus.pt\/#organization\"},\"articleSection\":[\"National Events\",\"News\",\"No Homepage\"],\"inLanguage\":\"en-US\"},{\"@type\":\"WebPage\",\"@id\":\"https:\/\/www.provedor-jus.pt\/en\/deputy-ombudsman-at-the-launch-of-the-training-programme-for-2024-of-the-instituto-nacional-de-administracao-ina-and-of-the-ina-alumni-network\/\",\"url\":\"https:\/\/www.provedor-jus.pt\/en\/deputy-ombudsman-at-the-launch-of-the-training-programme-for-2024-of-the-instituto-nacional-de-administracao-ina-and-of-the-ina-alumni-network\/\",\"name\":\"Deputy Ombudsman at the launch of the Training Programme for 2024 of the Instituto Nacional de Administra\u00e7\u00e3o (INA) and of the INA Alumni Network - Provedoria de Justi\u00e7a\",\"isPartOf\":{\"@id\":\"https:\/\/www.provedor-jus.pt\/#website\"},\"datePublished\":\"2023-07-07T13:29:25+00:00\",\"dateModified\":\"2023-07-07T13:29:28+00:00\",\"breadcrumb\":{\"@id\":\"https:\/\/www.provedor-jus.pt\/en\/deputy-ombudsman-at-the-launch-of-the-training-programme-for-2024-of-the-instituto-nacional-de-administracao-ina-and-of-the-ina-alumni-network\/#breadcrumb\"},\"inLanguage\":\"en-US\",\"potentialAction\":[{\"@type\":\"ReadAction\",\"target\":[\"https:\/\/www.provedor-jus.pt\/en\/deputy-ombudsman-at-the-launch-of-the-training-programme-for-2024-of-the-instituto-nacional-de-administracao-ina-and-of-the-ina-alumni-network\/\"]}]},{\"@type\":\"BreadcrumbList\",\"@id\":\"https:\/\/www.provedor-jus.pt\/en\/deputy-ombudsman-at-the-launch-of-the-training-programme-for-2024-of-the-instituto-nacional-de-administracao-ina-and-of-the-ina-alumni-network\/#breadcrumb\",\"itemListElement\":[{\"@type\":\"ListItem\",\"position\":1,\"name\":\"In\u00edcio\",\"item\":\"https:\/\/www.provedor-jus.pt\/en\/\"},{\"@type\":\"ListItem\",\"position\":2,\"name\":\"Deputy Ombudsman at the launch of the Training Programme for 2024 of the Instituto Nacional de Administra\u00e7\u00e3o (INA) and of the INA Alumni Network\"}]},{\"@type\":\"WebSite\",\"@id\":\"https:\/\/www.provedor-jus.pt\/#website\",\"url\":\"https:\/\/www.provedor-jus.pt\/\",\"name\":\"Provedoria de Justi\u00e7a\",\"description\":\"\",\"publisher\":{\"@id\":\"https:\/\/www.provedor-jus.pt\/#organization\"},\"potentialAction\":[{\"@type\":\"SearchAction\",\"target\":{\"@type\":\"EntryPoint\",\"urlTemplate\":\"https:\/\/www.provedor-jus.pt\/?s={search_term_string}\"},\"query-input\":{\"@type\":\"PropertyValueSpecification\",\"valueRequired\":true,\"valueName\":\"search_term_string\"}}],\"inLanguage\":\"en-US\"},{\"@type\":\"Organization\",\"@id\":\"https:\/\/www.provedor-jus.pt\/#organization\",\"name\":\"Provedoria de Justi\u00e7a\",\"url\":\"https:\/\/www.provedor-jus.pt\/\",\"logo\":{\"@type\":\"ImageObject\",\"inLanguage\":\"en-US\",\"@id\":\"https:\/\/www.provedor-jus.pt\/#\/schema\/logo\/image\/\",\"url\":\"https:\/\/www.provedor-jus.pt\/wp-content\/uploads\/2024\/10\/logo_provedor_50anos.jpg\",\"contentUrl\":\"https:\/\/www.provedor-jus.pt\/wp-content\/uploads\/2024\/10\/logo_provedor_50anos.jpg\",\"width\":2514,\"height\":554,\"caption\":\"Provedoria de Justi\u00e7a\"},\"image\":{\"@id\":\"https:\/\/www.provedor-jus.pt\/#\/schema\/logo\/image\/\"}},{\"@type\":\"Person\",\"@id\":\"https:\/\/www.provedor-jus.pt\/#\/schema\/person\/a8c8df5b19ced1f183ac313ea8f8a9ea\",\"name\":\"Paulo Fonseca\",\"image\":{\"@type\":\"ImageObject\",\"inLanguage\":\"en-US\",\"@id\":\"https:\/\/www.provedor-jus.pt\/#\/schema\/person\/image\/\",\"url\":\"https:\/\/secure.gravatar.com\/avatar\/e89673f483fb85acfe4bc7397f31505e3e5420e15cabbd0438de29a9a3b5641f?s=96&d=mm&r=g\",\"contentUrl\":\"https:\/\/secure.gravatar.com\/avatar\/e89673f483fb85acfe4bc7397f31505e3e5420e15cabbd0438de29a9a3b5641f?s=96&d=mm&r=g\",\"caption\":\"Paulo Fonseca\"}}]}<\/script>\n<!-- \/ Yoast SEO plugin. -->","yoast_head_json":{"title":"Deputy Ombudsman at the launch of the Training Programme for 2024 of the Instituto Nacional de Administra\u00e7\u00e3o (INA) and of the INA Alumni Network - Provedoria de Justi\u00e7a","robots":{"index":"index","follow":"follow","max-snippet":"max-snippet:-1","max-image-preview":"max-image-preview:large","max-video-preview":"max-video-preview:-1"},"canonical":"https:\/\/www.provedor-jus.pt\/en\/deputy-ombudsman-at-the-launch-of-the-training-programme-for-2024-of-the-instituto-nacional-de-administracao-ina-and-of-the-ina-alumni-network\/","og_locale":"en_US","og_type":"article","og_title":"Deputy Ombudsman at the launch of the Training Programme for 2024 of the Instituto Nacional de Administra\u00e7\u00e3o (INA) and of the INA Alumni Network - Provedoria de Justi\u00e7a","og_description":"Ouvir The Deputy Ombudsman, Estrela Chaby, was present at the ceremony to present the Training Programme for 2024 organised by INA and to launch the INA Alumni Network, which took place on 27 June at Pal\u00e1cio Galveias, in Lisbon. INA proposes to hold about 200 courses for employees in public functions as part of the Training Programme for 2024. The&hellip;","og_url":"https:\/\/www.provedor-jus.pt\/en\/deputy-ombudsman-at-the-launch-of-the-training-programme-for-2024-of-the-instituto-nacional-de-administracao-ina-and-of-the-ina-alumni-network\/","og_site_name":"Provedoria de Justi\u00e7a","article_published_time":"2023-07-07T13:29:25+00:00","article_modified_time":"2023-07-07T13:29:28+00:00","author":"Paulo Fonseca","twitter_card":"summary_large_image","twitter_misc":{"Written by":"Paulo Fonseca"},"schema":{"@context":"https:\/\/schema.org","@graph":[{"@type":"Article","@id":"https:\/\/www.provedor-jus.pt\/en\/deputy-ombudsman-at-the-launch-of-the-training-programme-for-2024-of-the-instituto-nacional-de-administracao-ina-and-of-the-ina-alumni-network\/#article","isPartOf":{"@id":"https:\/\/www.provedor-jus.pt\/en\/deputy-ombudsman-at-the-launch-of-the-training-programme-for-2024-of-the-instituto-nacional-de-administracao-ina-and-of-the-ina-alumni-network\/"},"author":{"name":"Paulo Fonseca","@id":"https:\/\/www.provedor-jus.pt\/#\/schema\/person\/a8c8df5b19ced1f183ac313ea8f8a9ea"},"headline":"Deputy Ombudsman at the launch of the Training Programme for 2024 of the Instituto Nacional de Administra\u00e7\u00e3o (INA) and of the INA Alumni Network","datePublished":"2023-07-07T13:29:25+00:00","dateModified":"2023-07-07T13:29:28+00:00","mainEntityOfPage":{"@id":"https:\/\/www.provedor-jus.pt\/en\/deputy-ombudsman-at-the-launch-of-the-training-programme-for-2024-of-the-instituto-nacional-de-administracao-ina-and-of-the-ina-alumni-network\/"},"wordCount":106,"publisher":{"@id":"https:\/\/www.provedor-jus.pt\/#organization"},"articleSection":["National Events","News","No Homepage"],"inLanguage":"en-US"},{"@type":"WebPage","@id":"https:\/\/www.provedor-jus.pt\/en\/deputy-ombudsman-at-the-launch-of-the-training-programme-for-2024-of-the-instituto-nacional-de-administracao-ina-and-of-the-ina-alumni-network\/","url":"https:\/\/www.provedor-jus.pt\/en\/deputy-ombudsman-at-the-launch-of-the-training-programme-for-2024-of-the-instituto-nacional-de-administracao-ina-and-of-the-ina-alumni-network\/","name":"Deputy Ombudsman at the launch of the Training Programme for 2024 of the Instituto Nacional de Administra\u00e7\u00e3o (INA) and of the INA Alumni Network - Provedoria de Justi\u00e7a","isPartOf":{"@id":"https:\/\/www.provedor-jus.pt\/#website"},"datePublished":"2023-07-07T13:29:25+00:00","dateModified":"2023-07-07T13:29:28+00:00","breadcrumb":{"@id":"https:\/\/www.provedor-jus.pt\/en\/deputy-ombudsman-at-the-launch-of-the-training-programme-for-2024-of-the-instituto-nacional-de-administracao-ina-and-of-the-ina-alumni-network\/#breadcrumb"},"inLanguage":"en-US","potentialAction":[{"@type":"ReadAction","target":["https:\/\/www.provedor-jus.pt\/en\/deputy-ombudsman-at-the-launch-of-the-training-programme-for-2024-of-the-instituto-nacional-de-administracao-ina-and-of-the-ina-alumni-network\/"]}]},{"@type":"BreadcrumbList","@id":"https:\/\/www.provedor-jus.pt\/en\/deputy-ombudsman-at-the-launch-of-the-training-programme-for-2024-of-the-instituto-nacional-de-administracao-ina-and-of-the-ina-alumni-network\/#breadcrumb","itemListElement":[{"@type":"ListItem","position":1,"name":"In\u00edcio","item":"https:\/\/www.provedor-jus.pt\/en\/"},{"@type":"ListItem","position":2,"name":"Deputy Ombudsman at the launch of the Training Programme for 2024 of the Instituto Nacional de Administra\u00e7\u00e3o (INA) and of the INA Alumni Network"}]},{"@type":"WebSite","@id":"https:\/\/www.provedor-jus.pt\/#website","url":"https:\/\/www.provedor-jus.pt\/","name":"Provedoria de Justi\u00e7a","description":"","publisher":{"@id":"https:\/\/www.provedor-jus.pt\/#organization"},"potentialAction":[{"@type":"SearchAction","target":{"@type":"EntryPoint","urlTemplate":"https:\/\/www.provedor-jus.pt\/?s={search_term_string}"},"query-input":{"@type":"PropertyValueSpecification","valueRequired":true,"valueName":"search_term_string"}}],"inLanguage":"en-US"},{"@type":"Organization","@id":"https:\/\/www.provedor-jus.pt\/#organization","name":"Provedoria de Justi\u00e7a","url":"https:\/\/www.provedor-jus.pt\/","logo":{"@type":"ImageObject","inLanguage":"en-US","@id":"https:\/\/www.provedor-jus.pt\/#\/schema\/logo\/image\/","url":"https:\/\/www.provedor-jus.pt\/wp-content\/uploads\/2024\/10\/logo_provedor_50anos.jpg","contentUrl":"https:\/\/www.provedor-jus.pt\/wp-content\/uploads\/2024\/10\/logo_provedor_50anos.jpg","width":2514,"height":554,"caption":"Provedoria de Justi\u00e7a"},"image":{"@id":"https:\/\/www.provedor-jus.pt\/#\/schema\/logo\/image\/"}},{"@type":"Person","@id":"https:\/\/www.provedor-jus.pt\/#\/schema\/person\/a8c8df5b19ced1f183ac313ea8f8a9ea","name":"Paulo Fonseca","image":{"@type":"ImageObject","inLanguage":"en-US","@id":"https:\/\/www.provedor-jus.pt\/#\/schema\/person\/image\/","url":"https:\/\/secure.gravatar.com\/avatar\/e89673f483fb85acfe4bc7397f31505e3e5420e15cabbd0438de29a9a3b5641f?s=96&d=mm&r=g","contentUrl":"https:\/\/secure.gravatar.com\/avatar\/e89673f483fb85acfe4bc7397f31505e3e5420e15cabbd0438de29a9a3b5641f?s=96&d=mm&r=g","caption":"Paulo Fonseca"}}]}},"_links":{"self":[{"href":"https:\/\/www.provedor-jus.pt\/en\/wp-json\/wp\/v2\/posts\/30111","targetHints":{"allow":["GET"]}}],"collection":[{"href":"https:\/\/www.provedor-jus.pt\/en\/wp-json\/wp\/v2\/posts"}],"about":[{"href":"https:\/\/www.provedor-jus.pt\/en\/wp-json\/wp\/v2\/types\/post"}],"author":[{"embeddable":true,"href":"https:\/\/www.provedor-jus.pt\/en\/wp-json\/wp\/v2\/users\/990004"}],"replies":[{"embeddable":true,"href":"https:\/\/www.provedor-jus.pt\/en\/wp-json\/wp\/v2\/comments?post=30111"}],"version-history":[{"count":2,"href":"https:\/\/www.provedor-jus.pt\/en\/wp-json\/wp\/v2\/posts\/30111\/revisions"}],"predecessor-version":[{"id":30115,"href":"https:\/\/www.provedor-jus.pt\/en\/wp-json\/wp\/v2\/posts\/30111\/revisions\/30115"}],"wp:attachment":[{"href":"https:\/\/www.provedor-jus.pt\/en\/wp-json\/wp\/v2\/media?parent=30111"}],"wp:term":[{"taxonomy":"category","embeddable":true,"href":"https:\/\/www.provedor-jus.pt\/en\/wp-json\/wp\/v2\/categories?post=30111"},{"taxonomy":"post_tag","embeddable":true,"href":"https:\/\/www.provedor-jus.pt\/en\/wp-json\/wp\/v2\/tags?post=30111"}],"curies":[{"name":"wp","href":"https:\/\/api.w.org\/{rel}","templated":true}]}}