{"id":34625,"date":"2026-08-31T13:06:00","date_gmt":"2026-08-31T12:06:00","guid":{"rendered":"https:\/\/www.provedor-jus.pt\/?p=34625"},"modified":"2026-08-31T13:06:06","modified_gmt":"2026-08-31T12:06:06","slug":"erasmus-campus-ombudsperson-reflects-on-inclusion-and-participation-in-a-democratic-state","status":"publish","type":"post","link":"https:\/\/www.provedor-jus.pt\/en\/erasmus-campus-ombudsperson-reflects-on-inclusion-and-participation-in-a-democratic-state\/","title":{"rendered":"Erasmus Campus | Ombudsperson reflects on inclusion and participation in a democratic State"},"content":{"rendered":"<!-- RS_MODULE_CODE_2.5.3 --> <div id=\"readspeaker_button34625\" class=\"rs_skip rs_preserve\"><a class=\"rs_href\" title=\"Ouvir com ReadSpeaker\" href=\"https:\/\/app-eu.readspeaker.com\/cgi-bin\/rsent?customerid=6394&amp;lang=pt_pt&amp;readid=rspeak_read_34625&amp;url=https%3A%2F%2Fwww.provedor-jus.pt%2Fen%2Fwp-json%2Fwp%2Fv2%2Fposts%2F34625\" onclick=\"readpage(this.href, 'xp34625'); return false;\"><img decoding=\"async\" src=\"https:\/\/www.provedor-jus.pt\/wp-content\/plugins\/enterprise_expanding_hl_wordpress-2x\/img\/icon_16px.gif\" alt=\"Ouvir com ReadSpeaker\" style=\"display: inline-block; margin-right: 5px;\"\/>Ouvir<\/a><\/div><div id=\"xp34625\" class=\"rs_addtools rs_splitbutton rs_preserve rs_skip rs_exp\"><\/div><div id=\"rspeak_read_34625\">\n<p>On August 28, in Marv\u00e3o, Ombudsperson Lu\u00edsa Neto participated in <a href=\"https:\/\/50anos25abril.pt\/quem-participa-e-quem-fica-de-fora-as-perguntas-do-segundo-dia-do-erasmus-campus\/\">Erasmus Campus 2026\u2014The Inclusion and Diversity Bootcamp<\/a>, which brought together about 30 young people, aged 16 to 26, from different parts of the country.<\/p>\n\n\n\n<p>\u201cHow can we include everyone in the democratic state?\u201d was the theme of the Ombudsperson\u2019s presentation, in which she invited participants to reflect on the meaning of an inclusive democracy and on the obstacles that still hinder full participation in society and the exercise of rights.<\/p>\n\n\n\n<p>Starting with the question \u201cWhat is the State?\u201d, Lu\u00edsa Neto emphasized that Portuguese democracy is not limited to its political dimension and that participation in public life goes beyond the exercise of the right to vote, including, among other aspects, access to public office, freedom of association, the right to petition, and class-action lawsuits.<\/p>\n\n\n\n<figure class=\"wp-block-image size-full\"><img loading=\"lazy\" decoding=\"async\" width=\"931\" height=\"665\" src=\"https:\/\/www.provedor-jus.pt\/wp-content\/uploads\/2026\/08\/image-1.png\" alt=\"\" class=\"wp-image-34626\" srcset=\"https:\/\/www.provedor-jus.pt\/wp-content\/uploads\/2026\/08\/image-1.png 931w, https:\/\/www.provedor-jus.pt\/wp-content\/uploads\/2026\/08\/image-1-300x214.png 300w, https:\/\/www.provedor-jus.pt\/wp-content\/uploads\/2026\/08\/image-1-768x549.png 768w, https:\/\/www.provedor-jus.pt\/wp-content\/uploads\/2026\/08\/image-1-370x264.png 370w, https:\/\/www.provedor-jus.pt\/wp-content\/uploads\/2026\/08\/image-1-760x543.png 760w\" sizes=\"auto, (max-width: 931px) 100vw, 931px\" \/><\/figure>\n<\/div>","protected":false},"excerpt":{"rendered":"<p><!-- RS_MODULE_CODE_2.5.3 --> <\/p>\n<div id=\"readspeaker_button34625\" class=\"rs_skip rs_preserve\"><a class=\"rs_href\" title=\"Ouvir com ReadSpeaker\" href=\"https:\/\/app-eu.readspeaker.com\/cgi-bin\/rsent?customerid=6394&amp;lang=pt_pt&amp;readid=rspeak_read_34625&amp;url=https%3A%2F%2Fwww.provedor-jus.pt%2Fen%2Fwp-json%2Fwp%2Fv2%2Fposts%2F34625\" onclick=\"readpage(this.href, 'xp34625'); return false;\"><img decoding=\"async\" src=\"https:\/\/www.provedor-jus.pt\/wp-content\/plugins\/enterprise_expanding_hl_wordpress-2x\/img\/icon_16px.gif\" alt=\"Ouvir com ReadSpeaker\" style=\"display: inline-block; margin-right: 5px;\"\/>Ouvir<\/a><\/div>\n<div id=\"xp34625\" class=\"rs_addtools rs_splitbutton rs_preserve rs_skip rs_exp\"><\/div>\n<div id=\"rspeak_read_34625\"> On August 28, in Marv\u00e3o, Ombudsperson Lu\u00edsa Neto participated in Erasmus Campus 2026\u2014The Inclusion and Diversity Bootcamp, which brought together about 30 young people, aged 16 to 26, from different parts of the country. \u201cHow can we include everyone in the democratic state?\u201d was the theme of the Ombudsperson\u2019s presentation, in which she invited participants to reflect on the&hellip;<\/div>\n","protected":false},"author":990002,"featured_media":0,"comment_status":"closed","ping_status":"closed","sticky":false,"template":"","format":"standard","meta":{"_acf_changed":false,"footnotes":""},"categories":[117],"tags":[],"class_list":["post-34625","post","type-post","status-publish","format-standard","hentry","category-news"],"acf":[],"yoast_head":"<!-- This site is optimized with the Yoast SEO plugin v25.2 - https:\/\/yoast.com\/wordpress\/plugins\/seo\/ -->\n<title>Erasmus Campus | Ombudsperson reflects on inclusion and participation in a democratic State - Provedoria de Justi\u00e7a<\/title>\n<meta name=\"robots\" content=\"index, follow, max-snippet:-1, max-image-preview:large, max-video-preview:-1\" \/>\n<link rel=\"canonical\" href=\"https:\/\/www.provedor-jus.pt\/en\/erasmus-campus-ombudsperson-reflects-on-inclusion-and-participation-in-a-democratic-state\/\" \/>\n<meta property=\"og:locale\" content=\"en_US\" \/>\n<meta property=\"og:type\" content=\"article\" \/>\n<meta property=\"og:title\" content=\"Erasmus Campus | Ombudsperson reflects on inclusion and participation in a democratic State - Provedoria de Justi\u00e7a\" \/>\n<meta property=\"og:description\" content=\"Ouvir On August 28, in Marv\u00e3o, Ombudsperson Lu\u00edsa Neto participated in Erasmus Campus 2026\u2014The Inclusion and Diversity Bootcamp, which brought together about 30 young people, aged 16 to 26, from different parts of the country. \u201cHow can we include everyone in the democratic state?\u201d was the theme of the Ombudsperson\u2019s presentation, in which she invited participants to reflect on the&hellip;\" \/>\n<meta property=\"og:url\" content=\"https:\/\/www.provedor-jus.pt\/en\/erasmus-campus-ombudsperson-reflects-on-inclusion-and-participation-in-a-democratic-state\/\" \/>\n<meta property=\"og:site_name\" content=\"Provedoria de Justi\u00e7a\" \/>\n<meta property=\"article:published_time\" content=\"2026-08-31T12:06:00+00:00\" \/>\n<meta property=\"article:modified_time\" content=\"2026-08-31T12:06:06+00:00\" \/>\n<meta property=\"og:image\" content=\"https:\/\/www.provedor-jus.pt\/wp-content\/uploads\/2026\/08\/image-1.png\" \/>\n<meta name=\"author\" content=\"Eva Gaspar\" \/>\n<meta name=\"twitter:card\" content=\"summary_large_image\" \/>\n<meta name=\"twitter:label1\" content=\"Written by\" \/>\n\t<meta name=\"twitter:data1\" content=\"Eva Gaspar\" \/>\n\t<meta name=\"twitter:label2\" content=\"Est. reading time\" \/>\n\t<meta name=\"twitter:data2\" content=\"1 minute\" \/>\n<script type=\"application\/ld+json\" class=\"yoast-schema-graph\">{\"@context\":\"https:\/\/schema.org\",\"@graph\":[{\"@type\":\"Article\",\"@id\":\"https:\/\/www.provedor-jus.pt\/en\/erasmus-campus-ombudsperson-reflects-on-inclusion-and-participation-in-a-democratic-state\/#article\",\"isPartOf\":{\"@id\":\"https:\/\/www.provedor-jus.pt\/en\/erasmus-campus-ombudsperson-reflects-on-inclusion-and-participation-in-a-democratic-state\/\"},\"author\":{\"name\":\"Eva Gaspar\",\"@id\":\"https:\/\/www.provedor-jus.pt\/#\/schema\/person\/96800f52945e54f3ae6337d0aa1dafa3\"},\"headline\":\"Erasmus Campus | Ombudsperson reflects on inclusion and participation in a democratic State\",\"datePublished\":\"2026-08-31T12:06:00+00:00\",\"dateModified\":\"2026-08-31T12:06:06+00:00\",\"mainEntityOfPage\":{\"@id\":\"https:\/\/www.provedor-jus.pt\/en\/erasmus-campus-ombudsperson-reflects-on-inclusion-and-participation-in-a-democratic-state\/\"},\"wordCount\":146,\"publisher\":{\"@id\":\"https:\/\/www.provedor-jus.pt\/#organization\"},\"image\":{\"@id\":\"https:\/\/www.provedor-jus.pt\/en\/erasmus-campus-ombudsperson-reflects-on-inclusion-and-participation-in-a-democratic-state\/#primaryimage\"},\"thumbnailUrl\":\"https:\/\/www.provedor-jus.pt\/wp-content\/uploads\/2026\/08\/image-1.png\",\"articleSection\":[\"News\"],\"inLanguage\":\"en-US\"},{\"@type\":\"WebPage\",\"@id\":\"https:\/\/www.provedor-jus.pt\/en\/erasmus-campus-ombudsperson-reflects-on-inclusion-and-participation-in-a-democratic-state\/\",\"url\":\"https:\/\/www.provedor-jus.pt\/en\/erasmus-campus-ombudsperson-reflects-on-inclusion-and-participation-in-a-democratic-state\/\",\"name\":\"Erasmus Campus | Ombudsperson reflects on inclusion and participation in a democratic State - Provedoria de Justi\u00e7a\",\"isPartOf\":{\"@id\":\"https:\/\/www.provedor-jus.pt\/#website\"},\"primaryImageOfPage\":{\"@id\":\"https:\/\/www.provedor-jus.pt\/en\/erasmus-campus-ombudsperson-reflects-on-inclusion-and-participation-in-a-democratic-state\/#primaryimage\"},\"image\":{\"@id\":\"https:\/\/www.provedor-jus.pt\/en\/erasmus-campus-ombudsperson-reflects-on-inclusion-and-participation-in-a-democratic-state\/#primaryimage\"},\"thumbnailUrl\":\"https:\/\/www.provedor-jus.pt\/wp-content\/uploads\/2026\/08\/image-1.png\",\"datePublished\":\"2026-08-31T12:06:00+00:00\",\"dateModified\":\"2026-08-31T12:06:06+00:00\",\"breadcrumb\":{\"@id\":\"https:\/\/www.provedor-jus.pt\/en\/erasmus-campus-ombudsperson-reflects-on-inclusion-and-participation-in-a-democratic-state\/#breadcrumb\"},\"inLanguage\":\"en-US\",\"potentialAction\":[{\"@type\":\"ReadAction\",\"target\":[\"https:\/\/www.provedor-jus.pt\/en\/erasmus-campus-ombudsperson-reflects-on-inclusion-and-participation-in-a-democratic-state\/\"]}]},{\"@type\":\"ImageObject\",\"inLanguage\":\"en-US\",\"@id\":\"https:\/\/www.provedor-jus.pt\/en\/erasmus-campus-ombudsperson-reflects-on-inclusion-and-participation-in-a-democratic-state\/#primaryimage\",\"url\":\"https:\/\/www.provedor-jus.pt\/wp-content\/uploads\/2026\/08\/image-1.png\",\"contentUrl\":\"https:\/\/www.provedor-jus.pt\/wp-content\/uploads\/2026\/08\/image-1.png\"},{\"@type\":\"BreadcrumbList\",\"@id\":\"https:\/\/www.provedor-jus.pt\/en\/erasmus-campus-ombudsperson-reflects-on-inclusion-and-participation-in-a-democratic-state\/#breadcrumb\",\"itemListElement\":[{\"@type\":\"ListItem\",\"position\":1,\"name\":\"In\u00edcio\",\"item\":\"https:\/\/www.provedor-jus.pt\/en\/\"},{\"@type\":\"ListItem\",\"position\":2,\"name\":\"Erasmus Campus | Ombudsperson reflects on inclusion and participation in a democratic State\"}]},{\"@type\":\"WebSite\",\"@id\":\"https:\/\/www.provedor-jus.pt\/#website\",\"url\":\"https:\/\/www.provedor-jus.pt\/\",\"name\":\"Provedoria de Justi\u00e7a\",\"description\":\"\",\"publisher\":{\"@id\":\"https:\/\/www.provedor-jus.pt\/#organization\"},\"potentialAction\":[{\"@type\":\"SearchAction\",\"target\":{\"@type\":\"EntryPoint\",\"urlTemplate\":\"https:\/\/www.provedor-jus.pt\/?s={search_term_string}\"},\"query-input\":{\"@type\":\"PropertyValueSpecification\",\"valueRequired\":true,\"valueName\":\"search_term_string\"}}],\"inLanguage\":\"en-US\"},{\"@type\":\"Organization\",\"@id\":\"https:\/\/www.provedor-jus.pt\/#organization\",\"name\":\"Provedoria de Justi\u00e7a\",\"url\":\"https:\/\/www.provedor-jus.pt\/\",\"logo\":{\"@type\":\"ImageObject\",\"inLanguage\":\"en-US\",\"@id\":\"https:\/\/www.provedor-jus.pt\/#\/schema\/logo\/image\/\",\"url\":\"https:\/\/www.provedor-jus.pt\/wp-content\/uploads\/2024\/10\/logo_provedor_50anos.jpg\",\"contentUrl\":\"https:\/\/www.provedor-jus.pt\/wp-content\/uploads\/2024\/10\/logo_provedor_50anos.jpg\",\"width\":2514,\"height\":554,\"caption\":\"Provedoria de Justi\u00e7a\"},\"image\":{\"@id\":\"https:\/\/www.provedor-jus.pt\/#\/schema\/logo\/image\/\"}},{\"@type\":\"Person\",\"@id\":\"https:\/\/www.provedor-jus.pt\/#\/schema\/person\/96800f52945e54f3ae6337d0aa1dafa3\",\"name\":\"Eva Gaspar\",\"image\":{\"@type\":\"ImageObject\",\"inLanguage\":\"en-US\",\"@id\":\"https:\/\/www.provedor-jus.pt\/#\/schema\/person\/image\/\",\"url\":\"https:\/\/secure.gravatar.com\/avatar\/4d991ffaa08de9cb7519e69f75a4b19eb0415b8d3e4657a4be7ea2f33dd269bc?s=96&d=mm&r=g\",\"contentUrl\":\"https:\/\/secure.gravatar.com\/avatar\/4d991ffaa08de9cb7519e69f75a4b19eb0415b8d3e4657a4be7ea2f33dd269bc?s=96&d=mm&r=g\",\"caption\":\"Eva Gaspar\"}}]}<\/script>\n<!-- \/ Yoast SEO plugin. -->","yoast_head_json":{"title":"Erasmus Campus | Ombudsperson reflects on inclusion and participation in a democratic State - Provedoria de Justi\u00e7a","robots":{"index":"index","follow":"follow","max-snippet":"max-snippet:-1","max-image-preview":"max-image-preview:large","max-video-preview":"max-video-preview:-1"},"canonical":"https:\/\/www.provedor-jus.pt\/en\/erasmus-campus-ombudsperson-reflects-on-inclusion-and-participation-in-a-democratic-state\/","og_locale":"en_US","og_type":"article","og_title":"Erasmus Campus | Ombudsperson reflects on inclusion and participation in a democratic State - Provedoria de Justi\u00e7a","og_description":"Ouvir On August 28, in Marv\u00e3o, Ombudsperson Lu\u00edsa Neto participated in Erasmus Campus 2026\u2014The Inclusion and Diversity Bootcamp, which brought together about 30 young people, aged 16 to 26, from different parts of the country. \u201cHow can we include everyone in the democratic state?\u201d was the theme of the Ombudsperson\u2019s presentation, in which she invited participants to reflect on the&hellip;","og_url":"https:\/\/www.provedor-jus.pt\/en\/erasmus-campus-ombudsperson-reflects-on-inclusion-and-participation-in-a-democratic-state\/","og_site_name":"Provedoria de Justi\u00e7a","article_published_time":"2026-08-31T12:06:00+00:00","article_modified_time":"2026-08-31T12:06:06+00:00","og_image":[{"url":"https:\/\/www.provedor-jus.pt\/wp-content\/uploads\/2026\/08\/image-1.png","type":"","width":"","height":""}],"author":"Eva Gaspar","twitter_card":"summary_large_image","twitter_misc":{"Written by":"Eva Gaspar","Est. reading time":"1 minute"},"schema":{"@context":"https:\/\/schema.org","@graph":[{"@type":"Article","@id":"https:\/\/www.provedor-jus.pt\/en\/erasmus-campus-ombudsperson-reflects-on-inclusion-and-participation-in-a-democratic-state\/#article","isPartOf":{"@id":"https:\/\/www.provedor-jus.pt\/en\/erasmus-campus-ombudsperson-reflects-on-inclusion-and-participation-in-a-democratic-state\/"},"author":{"name":"Eva Gaspar","@id":"https:\/\/www.provedor-jus.pt\/#\/schema\/person\/96800f52945e54f3ae6337d0aa1dafa3"},"headline":"Erasmus Campus | Ombudsperson reflects on inclusion and participation in a democratic State","datePublished":"2026-08-31T12:06:00+00:00","dateModified":"2026-08-31T12:06:06+00:00","mainEntityOfPage":{"@id":"https:\/\/www.provedor-jus.pt\/en\/erasmus-campus-ombudsperson-reflects-on-inclusion-and-participation-in-a-democratic-state\/"},"wordCount":146,"publisher":{"@id":"https:\/\/www.provedor-jus.pt\/#organization"},"image":{"@id":"https:\/\/www.provedor-jus.pt\/en\/erasmus-campus-ombudsperson-reflects-on-inclusion-and-participation-in-a-democratic-state\/#primaryimage"},"thumbnailUrl":"https:\/\/www.provedor-jus.pt\/wp-content\/uploads\/2026\/08\/image-1.png","articleSection":["News"],"inLanguage":"en-US"},{"@type":"WebPage","@id":"https:\/\/www.provedor-jus.pt\/en\/erasmus-campus-ombudsperson-reflects-on-inclusion-and-participation-in-a-democratic-state\/","url":"https:\/\/www.provedor-jus.pt\/en\/erasmus-campus-ombudsperson-reflects-on-inclusion-and-participation-in-a-democratic-state\/","name":"Erasmus Campus | Ombudsperson reflects on inclusion and participation in a democratic State - Provedoria de Justi\u00e7a","isPartOf":{"@id":"https:\/\/www.provedor-jus.pt\/#website"},"primaryImageOfPage":{"@id":"https:\/\/www.provedor-jus.pt\/en\/erasmus-campus-ombudsperson-reflects-on-inclusion-and-participation-in-a-democratic-state\/#primaryimage"},"image":{"@id":"https:\/\/www.provedor-jus.pt\/en\/erasmus-campus-ombudsperson-reflects-on-inclusion-and-participation-in-a-democratic-state\/#primaryimage"},"thumbnailUrl":"https:\/\/www.provedor-jus.pt\/wp-content\/uploads\/2026\/08\/image-1.png","datePublished":"2026-08-31T12:06:00+00:00","dateModified":"2026-08-31T12:06:06+00:00","breadcrumb":{"@id":"https:\/\/www.provedor-jus.pt\/en\/erasmus-campus-ombudsperson-reflects-on-inclusion-and-participation-in-a-democratic-state\/#breadcrumb"},"inLanguage":"en-US","potentialAction":[{"@type":"ReadAction","target":["https:\/\/www.provedor-jus.pt\/en\/erasmus-campus-ombudsperson-reflects-on-inclusion-and-participation-in-a-democratic-state\/"]}]},{"@type":"ImageObject","inLanguage":"en-US","@id":"https:\/\/www.provedor-jus.pt\/en\/erasmus-campus-ombudsperson-reflects-on-inclusion-and-participation-in-a-democratic-state\/#primaryimage","url":"https:\/\/www.provedor-jus.pt\/wp-content\/uploads\/2026\/08\/image-1.png","contentUrl":"https:\/\/www.provedor-jus.pt\/wp-content\/uploads\/2026\/08\/image-1.png"},{"@type":"BreadcrumbList","@id":"https:\/\/www.provedor-jus.pt\/en\/erasmus-campus-ombudsperson-reflects-on-inclusion-and-participation-in-a-democratic-state\/#breadcrumb","itemListElement":[{"@type":"ListItem","position":1,"name":"In\u00edcio","item":"https:\/\/www.provedor-jus.pt\/en\/"},{"@type":"ListItem","position":2,"name":"Erasmus Campus | Ombudsperson reflects on inclusion and participation in a democratic State"}]},{"@type":"WebSite","@id":"https:\/\/www.provedor-jus.pt\/#website","url":"https:\/\/www.provedor-jus.pt\/","name":"Provedoria de Justi\u00e7a","description":"","publisher":{"@id":"https:\/\/www.provedor-jus.pt\/#organization"},"potentialAction":[{"@type":"SearchAction","target":{"@type":"EntryPoint","urlTemplate":"https:\/\/www.provedor-jus.pt\/?s={search_term_string}"},"query-input":{"@type":"PropertyValueSpecification","valueRequired":true,"valueName":"search_term_string"}}],"inLanguage":"en-US"},{"@type":"Organization","@id":"https:\/\/www.provedor-jus.pt\/#organization","name":"Provedoria de Justi\u00e7a","url":"https:\/\/www.provedor-jus.pt\/","logo":{"@type":"ImageObject","inLanguage":"en-US","@id":"https:\/\/www.provedor-jus.pt\/#\/schema\/logo\/image\/","url":"https:\/\/www.provedor-jus.pt\/wp-content\/uploads\/2024\/10\/logo_provedor_50anos.jpg","contentUrl":"https:\/\/www.provedor-jus.pt\/wp-content\/uploads\/2024\/10\/logo_provedor_50anos.jpg","width":2514,"height":554,"caption":"Provedoria de Justi\u00e7a"},"image":{"@id":"https:\/\/www.provedor-jus.pt\/#\/schema\/logo\/image\/"}},{"@type":"Person","@id":"https:\/\/www.provedor-jus.pt\/#\/schema\/person\/96800f52945e54f3ae6337d0aa1dafa3","name":"Eva Gaspar","image":{"@type":"ImageObject","inLanguage":"en-US","@id":"https:\/\/www.provedor-jus.pt\/#\/schema\/person\/image\/","url":"https:\/\/secure.gravatar.com\/avatar\/4d991ffaa08de9cb7519e69f75a4b19eb0415b8d3e4657a4be7ea2f33dd269bc?s=96&d=mm&r=g","contentUrl":"https:\/\/secure.gravatar.com\/avatar\/4d991ffaa08de9cb7519e69f75a4b19eb0415b8d3e4657a4be7ea2f33dd269bc?s=96&d=mm&r=g","caption":"Eva Gaspar"}}]}},"_links":{"self":[{"href":"https:\/\/www.provedor-jus.pt\/en\/wp-json\/wp\/v2\/posts\/34625","targetHints":{"allow":["GET"]}}],"collection":[{"href":"https:\/\/www.provedor-jus.pt\/en\/wp-json\/wp\/v2\/posts"}],"about":[{"href":"https:\/\/www.provedor-jus.pt\/en\/wp-json\/wp\/v2\/types\/post"}],"author":[{"embeddable":true,"href":"https:\/\/www.provedor-jus.pt\/en\/wp-json\/wp\/v2\/users\/990002"}],"replies":[{"embeddable":true,"href":"https:\/\/www.provedor-jus.pt\/en\/wp-json\/wp\/v2\/comments?post=34625"}],"version-history":[{"count":1,"href":"https:\/\/www.provedor-jus.pt\/en\/wp-json\/wp\/v2\/posts\/34625\/revisions"}],"predecessor-version":[{"id":34628,"href":"https:\/\/www.provedor-jus.pt\/en\/wp-json\/wp\/v2\/posts\/34625\/revisions\/34628"}],"wp:attachment":[{"href":"https:\/\/www.provedor-jus.pt\/en\/wp-json\/wp\/v2\/media?parent=34625"}],"wp:term":[{"taxonomy":"category","embeddable":true,"href":"https:\/\/www.provedor-jus.pt\/en\/wp-json\/wp\/v2\/categories?post=34625"},{"taxonomy":"post_tag","embeddable":true,"href":"https:\/\/www.provedor-jus.pt\/en\/wp-json\/wp\/v2\/tags?post=34625"}],"curies":[{"name":"wp","href":"https:\/\/api.w.org\/{rel}","templated":true}]}}